{"id":44314,"date":"2026-08-11T14:10:22","date_gmt":"2026-08-11T12:10:22","guid":{"rendered":"https:\/\/europeanvalues.cz\/?p=44314"},"modified":"2026-09-02T14:16:57","modified_gmt":"2026-09-02T12:16:57","slug":"fighting-transnational-repression","status":"publish","type":"post","link":"https:\/\/europeanvalues.cz\/cs\/fighting-transnational-repression\/","title":{"rendered":"Jak \u010delit nadn\u00e1rodn\u00edm repres\u00edm"},"content":{"rendered":"<div data-elementor-type=\"wp-post\" data-elementor-id=\"44314\" class=\"elementor elementor-44314\" data-elementor-post-type=\"post\">\n\t\t\t\t\t\t<section class=\"elementor-section elementor-top-section elementor-element elementor-element-2da8ae13 elementor-section-boxed elementor-section-height-default elementor-section-height-default\" data-id=\"2da8ae13\" data-element_type=\"section\" data-e-type=\"section\">\n\t\t\t\t\t\t<div class=\"elementor-container elementor-column-gap-default\">\n\t\t\t\t\t<div class=\"elementor-column elementor-col-100 elementor-top-column elementor-element elementor-element-79b1be98\" data-id=\"79b1be98\" data-element_type=\"column\" data-e-type=\"column\">\n\t\t\t<div class=\"elementor-widget-wrap elementor-element-populated\">\n\t\t\t\t\t\t<div class=\"elementor-element elementor-element-46bd8171 elementor-widget elementor-widget-text-editor\" data-id=\"46bd8171\" data-element_type=\"widget\" data-e-type=\"widget\" data-no-translation=\"\" data-widget_type=\"text-editor.default\">\n\t\t\t\t<div class=\"elementor-widget-container\">\n\t\t\t\t\t<style>.elementor-element-46bd8171{display:none !important}<\/style>\t\t\t\t<\/div>\n\t\t\t\t<\/div>\n\t\t\t\t<div class=\"elementor-element elementor-element-2ce4f7a2 elementor-widget elementor-widget-text-editor\" data-id=\"2ce4f7a2\" data-element_type=\"widget\" data-e-type=\"widget\" data-no-translation=\"\" data-widget_type=\"text-editor.default\">\n\t\t\t\t<div class=\"elementor-widget-container\">\n\t\t\t\t\t\t\t\t\t<p>Foto: China National Radio<\/p>\t\t\t\t\t\t\t\t<\/div>\n\t\t\t\t<\/div>\n\t\t\t\t\t<\/div>\n\t\t<\/div>\n\t\t\t\t\t<\/div>\n\t\t<\/section>\n\t\t\t\t<section class=\"elementor-section elementor-top-section elementor-element elementor-element-66c29870 elementor-section-boxed elementor-section-height-default elementor-section-height-default\" data-id=\"66c29870\" data-element_type=\"section\" data-e-type=\"section\">\n\t\t\t\t\t\t<div class=\"elementor-container elementor-column-gap-default\">\n\t\t\t\t\t<div class=\"elementor-column elementor-col-100 elementor-top-column elementor-element elementor-element-60550f73\" data-id=\"60550f73\" data-element_type=\"column\" data-e-type=\"column\">\n\t\t\t<div class=\"elementor-widget-wrap elementor-element-populated\">\n\t\t\t\t\t\t<section class=\"elementor-section elementor-inner-section elementor-element elementor-element-b30998f elementor-section-boxed elementor-section-height-default elementor-section-height-default\" data-id=\"b30998f\" data-element_type=\"section\" data-e-type=\"section\" data-no-translation=\"\">\n\t\t\t\t\t\t<div class=\"elementor-container elementor-column-gap-default\">\n\t\t\t\t\t<div class=\"elementor-column elementor-col-100 elementor-inner-column elementor-element elementor-element-67d36c7e\" data-id=\"67d36c7e\" data-element_type=\"column\" data-e-type=\"column\">\n\t\t\t<div class=\"elementor-widget-wrap elementor-element-populated\">\n\t\t\t\t\t\t<div class=\"elementor-element elementor-element-366387d4 elementor-widget elementor-widget-text-editor\" data-id=\"366387d4\" data-element_type=\"widget\" data-e-type=\"widget\" data-widget_type=\"text-editor.default\">\n\t\t\t\t<div class=\"elementor-widget-container\">\n\t\t\t\t\t\t\t\t\t<p>P\u0159i zah\u00e1jen\u00ed des\u00e1t\u00e9ho Ketagalansk\u00e9ho f\u00f3ra v Tchaj-peji na za\u010d\u00e1tku srpna prezident William Lai (\u8cf4\u6e05\u5fb7) \u0159ekl, \u017ee nov\u00e9 n\u00e1stroje, jejich\u017e vyu\u017eit\u00ed ned\u00e1vno schv\u00e1lil, nelze vn\u00edmat pouze jako raketov\u00e9 syst\u00e9my \u010di n\u00e1mo\u0159n\u00ed flotilu. Jde o nov\u00fd \u0159\u00e1d.<\/p><p>\u010c\u00ednsk\u00fd <a href=\"https:\/\/europeanvalues.cz\/cs\/chinas-ethnic-unity-law-as-a-tool-of-transnational-repression\/\" target=\"_blank\" rel=\"noopener\">Z\u00e1kon o podpo\u0159e pokroku v n\u00e1rodnostn\u00ed jednot\u011b<\/a> hrub\u011b zasahuje do tchajwansk\u00e9 suverenity, postihuje n\u00e1bo\u017eensk\u00e9 a n\u00e1rodnostn\u00ed men\u0161iny a vyu\u017e\u00edv\u00e1 nadn\u00e1rodn\u00ed represe k tomu, aby svou cenzuru mohl vynucovat \u201eve v\u0161ech \u010d\u00e1stech sv\u011bta,\u201c \u0159ekl Lai.<\/p><p>Laiova v\u00fdzva mezin\u00e1rodn\u00edmu spole\u010denstv\u00ed k jednotn\u00e9mu protestu proti \u010d\u00ednsk\u00e9mu z\u00e1konu p\u0159edstavuje pro Tchaj-wan p\u0159\u00edle\u017eitost, kterou by zem\u011b nem\u011bla promarnit.<\/p><p>Z\u00e1kon o n\u00e1rodnostn\u00ed jednot\u011b vyu\u017e\u00edv\u00e1 identitu lid\u00ed k roz\u0161i\u0159ov\u00e1n\u00ed jurisdikce Komunistick\u00e9 strany \u010c\u00edny (KS\u010c).<\/p><p>Organizace a lid\u00e9 mimo \u010c\u00ednskou lidovou republiku (\u010cLR), kte\u0159\u00ed podr\u00fdvaj\u00ed n\u00e1rodnostn\u00ed sou\u017eit\u00ed a sna\u017e\u00ed se vyvol\u00e1vat rozpory mezi etnick\u00fdmi men\u0161inami, jsou za sv\u00e9 \u010diny pr\u00e1vn\u011b odpov\u011bdn\u00ed, uv\u00e1d\u00ed \u010dl\u00e1nek 63 \u010d\u00ednsk\u00e9ho z\u00e1kona.<\/p><p>Peking a jeho ministerstvo spravedlnosti odm\u00edtly na\u0159\u010den\u00ed z \u201edlouhoruk\u00e9 jurisdikce\u201c jako neobjektivn\u00ed a bez jak\u00e9hokoli pr\u00e1vn\u00edho z\u00e1kladu. M\u00e1lokoho mimo \u010c\u00ednu to v\u0161ak ujistilo.<\/p><p>Pro Tchaj-wan je tento probl\u00e9m obzvl\u00e1\u0161\u0165 osobn\u00ed. \u00da\u010delem \u010d\u00ednsk\u00fdch z\u00e1kon\u016f je pos\u00edlit vn\u00edm\u00e1n\u00ed \u201etchajwansk\u00fdch krajan\u016f\u201c jako sou\u010d\u00e1sti \u010d\u00ednsk\u00e9ho n\u00e1roda. Ob\u010dan\u016fm Tchaj-wanu byla tato n\u00e1lepka p\u0159id\u011blena bez jejich souhlasu a p\u0159in\u00e1\u0161\u00ed s sebou zna\u010dn\u00e1 pr\u00e1vn\u00ed rizika.<\/p><p>\u010c\u00edna navenek prosazuje svou politiku \u201eetnick\u00e9 jednoty\u201c, aby mohla st\u00e1t v \u010dele Indo-pacifick\u00e9ho ministersk\u00e9ho f\u00f3ra. Nadn\u00e1rodn\u00ed represe, tedy situace, kdy st\u00e1t p\u0159ekra\u010duje sv\u00e9 hranice, aby uml\u010del \u010di zastra\u0161il lidi s vazbami na danou zemi nebo si vynutil jejich poslu\u0161nost, byla po mnoho let vn\u00edm\u00e1na p\u0159edev\u0161\u00edm jako ot\u00e1zka poru\u0161ov\u00e1n\u00ed lidsk\u00fdch pr\u00e1v. V sou\u010dasnosti u\u017e jde tak\u00e9 o prvek politick\u00e9ho v\u00e1l\u010den\u00ed.<\/p><p>Spolup\u0159edseda Meziparlamentn\u00ed aliance k \u010c\u00edn\u011b a b\u00fdval\u00fd japonsk\u00fd ministr obrany Gen Nakatani tento posun popsal jasn\u011b. Kdy\u017e je naru\u0161en vzdu\u0161n\u00fd prostor zem\u011b, naru\u0161en\u00ed zachyt\u00ed radar a n\u00e1sledn\u011b je vyhl\u00e1\u0161ena vzletov\u00e1 pohotovost. P\u0159i naru\u0161en\u00ed autonomie ob\u010dan\u016f, kte\u0159\u00ed na \u00fazem\u00ed demokratick\u00e9 zem\u011b nemohou svobodn\u011b promluvit, se v\u0161ak \u017e\u00e1dn\u00fd poplach nerozezn\u00ed.<\/p><p>Jeho varov\u00e1n\u00ed p\u0159i\u0161lo jen p\u00e1r t\u00fddn\u016f pot\u00e9, co byl 6. \u010dervence napaden japonsk\u00fd novin\u00e1\u0159 a kritik KS\u010c. Stalo se tak pouh\u00fd t\u00fdden pot\u00e9, co \u010c\u00edna schv\u00e1lila nov\u00fd z\u00e1kon o etnick\u00e9 jednot\u011b. Atmosf\u00e9ra, kterou Nakatani popisoval, je p\u0159esn\u011b t\u00edm, \u010deho se extrateritori\u00e1ln\u00ed politick\u00e9 zastra\u0161ov\u00e1n\u00ed sna\u017e\u00ed dos\u00e1hnout: vyvol\u00e1vat strach bez fyzick\u00e9 okupace \u00fazem\u00ed a prosazovat cenzuru nap\u0159\u00ed\u010d st\u00e1tn\u00edmi hranicemi.<\/p><p>B\u00fdval\u00e1 kanadsk\u00e1 vicepremi\u00e9rka Chrystia Freeland p\u0159i\u0161la s u\u017eite\u010dn\u00fdm p\u0159irovn\u00e1n\u00edm.<\/p><p>Extrateritori\u00e1ln\u00ed ustanoven\u00ed etnick\u00e9ho z\u00e1kona nesou \u201eznepokojivou podobnost s t\u00edm, jak z\u00e1ke\u0159n\u011b Rusko vyu\u017e\u00edv\u00e1 jazykov\u00e9, kulturn\u00ed a etnick\u00e9 vazby k ospravedl\u0148ov\u00e1n\u00ed protipr\u00e1vn\u00edho zasahov\u00e1n\u00ed do suverenity sv\u00fdch soused\u016f,\u201c prohl\u00e1sila.<\/p><p>Rusk\u00fd prezident Vladimir Putin v \u010dervnu 2021 zve\u0159ejnil esej o historick\u00e9 jednot\u011b Rus\u016f a Ukrajinc\u016f, na\u010de\u017e o pouh\u00fdch sedm m\u011bs\u00edc\u016f pozd\u011bji napadl Ukrajinu, dodala.<\/p><p>Demokratick\u00e9 zem\u011b by podle n\u00ed m\u011bly jasn\u011b prohl\u00e1sit, \u017ee ciz\u00ed z\u00e1kon vym\u00e1haj\u00edc\u00ed politickou v\u011brnost na z\u00e1klad\u011b etnick\u00e9 p\u0159\u00edslu\u0161nosti nem\u016f\u017ee b\u00fdt za \u017e\u00e1dn\u00fdch okolnost\u00ed uplat\u0148ov\u00e1n na jejich \u00fazem\u00ed ani v\u016f\u010di jejich ob\u010dan\u016fm, bez ohledu na p\u016fvod jejich pas\u016f.<\/p><p>Evropa u\u017e sama stihla doj\u00edt k v\u011bt\u0161in\u011b t\u011bchto z\u00e1v\u011br\u016f o \u010c\u00edn\u011b, ani\u017e by musela poukazovat na Rusko jako na p\u0159\u00edklad.<\/p><p>Evropsk\u00fd parlament schv\u00e1lil 30. dubna Rezoluci k \u010d\u00ednsk\u00e9mu Z\u00e1konu o podpo\u0159e pokroku v n\u00e1rodnostn\u00ed jednot\u011b. Text spole\u010dn\u011b p\u0159edlo\u017eily Evropsk\u00e1 lidov\u00e1 strana, Pokrokov\u00e9 spojenectv\u00ed socialist\u016f a demokrat\u016f, Evrop\u0161t\u00ed konzervativci a reformist\u00e9 (ECR), Renew Europe a Zelen\u00ed \/ Evropsk\u00e1 svobodn\u00e1 aliance.<\/p><p>Rezoluce odsoudila asimila\u010dn\u00ed politiku Pekingu, vyzvala \u010c\u00ednu ke zru\u0161en\u00ed z\u00e1kona a Radu Evropsk\u00e9 unie k aktivaci glob\u00e1ln\u00edho re\u017eimu sankc\u00ed EU v oblasti lidsk\u00fdch pr\u00e1v v\u016f\u010di osob\u00e1m odpov\u011bdn\u00fdm za vypracov\u00e1n\u00ed a prov\u00e1d\u011bn\u00ed z\u00e1kona. \u010clensk\u00e9 st\u00e1ty z\u00e1rove\u0148 vyzvala k vypov\u011bzen\u00ed smluv o vyd\u00e1v\u00e1n\u00ed osob s \u010c\u00ednou.<\/p><p>\u010clen frakce ECR Mariusz Kami\u0144ski z\u00e1kon p\u0159irovnal k nejhor\u0161\u00edm praktik\u00e1m z obdob\u00ed kulturn\u00ed revoluce. To <u>v\u010detn\u011b<\/u> vyv\u00edjen\u00ed n\u00e1tlaku na d\u011bti, aby nahla\u0161ovaly nevhodn\u00e9 postoje \u010dlen\u016f sv\u00fdch rodin.<\/p><p>Catarina Vieira ze Zelen\u00fdch \/ Evropsk\u00e9 svobodn\u00e9 aliance varovala, \u017ee dopady z\u00e1kona mohou zas\u00e1hnout i \u00fazem\u00ed EU a je\u0161t\u011b v\u00edce zintenzivnit nadn\u00e1rodn\u00ed represe v\u016f\u010di lidem, kte\u0159\u00ed zde \u017eij\u00ed.<\/p><p>Pol\u0161t\u00ed konzervativci a nizozem\u0161t\u00ed zelen\u00ed se shodnou na m\u00e1lo\u010dem, ob\u011b frakce v\u0161ak z opa\u010dn\u00fdch stran parlamentu ve stejn\u00e9m t\u00fddnu odsoudily tent\u00fd\u017e z\u00e1kon. Je to koalice, kter\u00e9 by si Tchaj-wan m\u011bl za\u010d\u00edt v\u0161\u00edmat.<\/p><p>S\u00edla t\u00e9to koalice spo\u010d\u00edv\u00e1 v tom, \u017ee nez\u00e1vis\u00ed na jedn\u00e9 analogii ani jedn\u00e9 politick\u00e9 rodin\u011b. Shoda uvnit\u0159 Evropy vych\u00e1z\u00ed z ochrany pr\u00e1v men\u0161in, historick\u00e9 zku\u0161enosti s totalitn\u00edmi represemi, bezpe\u010dnosti ob\u010dan\u016f EU a obav z extrateritori\u00e1ln\u00edho n\u00e1tlaku. Tchaj-wan by k t\u00e9to politick\u00e9 shod\u011b m\u011bl p\u0159istupovat jako k p\u016fd\u011b pro budov\u00e1n\u00ed politick\u00e9 spolupr\u00e1ce, nikoli pouze jako k prostoru pro v\u0159el\u00e1 diplomatick\u00e1 prohl\u00e1\u0161en\u00ed.<\/p><p>Na druhou stranu je t\u0159eba si p\u0159iznat, \u017ee zde st\u00e1le existuj\u00ed ur\u010dit\u00e9 meze.<\/p><p>Studie vypracovan\u00e1 na \u017e\u00e1dost V\u00fdboru pro zahrani\u010dn\u00ed v\u011bci Evropsk\u00e9ho parlamentu, kter\u00e1 vy\u0161la za\u010d\u00e1tkem ledna, uk\u00e1zala, \u017ee \u010c\u00edna je hlavn\u00edm p\u016fvodcem nadn\u00e1rodn\u00edch repres\u00ed. Podle studie stoj\u00ed \u010c\u00edna za 22 procenty zdokumentovan\u00fdch fyzick\u00fdch napaden\u00ed spojen\u00fdch s nadn\u00e1rodn\u00edmi represemi v letech 2014 a\u017e 2024. Navzdory tomu se evropsk\u00e1 reakce na \u010d\u00ednsk\u00e9 nadn\u00e1rodn\u00ed represe jev\u00ed jako slab\u0161\u00ed ne\u017e reakce na obdobn\u00e9 aktivity \u00cdr\u00e1nu nebo Ruska. Jedn\u00edm z d\u016fvod\u016f je, \u017ee \u010dlensk\u00e9 st\u00e1ty se nad\u00e1le sna\u017e\u00ed udr\u017eovat funk\u010dn\u00ed vztahy s Pekingem, nap\u0159\u00edklad v oblasti obchodu.<\/p><p>Jako Pol\u00e1k pozoruji ur\u010dit\u00fd institucion\u00e1ln\u00ed vzorec. Z dan\u00e9 studie vypl\u00fdv\u00e1, \u017ee Polsko je zem\u00ed, kde prob\u011bhlo nejv\u00edce napaden\u00ed, celkem t\u0159icet zdokumentovan\u00fdch p\u0159\u00edpad\u016f. T\u00e9m\u011b\u0159 v\u0161echny incidenty zaznamenan\u00e9 v Polsku m\u011bly p\u016fvod v zem\u00edch b\u00fdval\u00e9ho Sov\u011btsk\u00e9ho svazu. Jen dva souvisely s \u010c\u00ednou.<\/p><p>Evropa u\u017e m\u00e1 vhodn\u00e9 n\u00e1stroje: prov\u011b\u0159ov\u00e1n\u00ed \u017eadatel\u016f o azyl, obez\u0159etn\u00fd p\u0159\u00edstup k \u017e\u00e1dostem o vyd\u00e1n\u00ed, skepsi v\u016f\u010di v\u00fdzv\u00e1m Interpolu a zku\u0161enosti s p\u0159eshrani\u010dn\u00edm zastra\u0161ov\u00e1n\u00edm. Tyto n\u00e1stroje byly vyvinuty hlavn\u011b za \u00fa\u010delem \u010delit Moskv\u011b a Minsku. V t\u00e9to chv\u00edli je ale pot\u0159ebujeme uplat\u0148ovat i v\u016f\u010di Pekingu.<\/p><p>V \u010dervnu tchajwansk\u00e9 \u00fa\u0159ady ud\u011blily odklad st\u00edh\u00e1n\u00ed dv\u011bma pracovn\u00edk\u016fm, kte\u0159\u00ed p\u0159iznali, \u017ee pom\u00e1hali \u010d\u00ednsk\u00fdm kybernetick\u00fdm oper\u00e1tor\u016fm zam\u011b\u0159ovat se na investigativn\u00ed novin\u00e1\u0159e z projektu China Targets. Tchaj-wan \u010del\u00ed \u010d\u00ednsk\u00fdm pr\u00e1vn\u00edm \u00fatok\u016fm ji\u017e od p\u0159ijet\u00ed \u010d\u00ednsk\u00e9ho z\u00e1kona \u201eproti odtr\u017een\u00ed\u201c z roku 2005 a m\u00e1 zku\u0161enosti s mnoha p\u0159\u00edpady, kter\u00e9 Evrop\u011b chyb\u00ed.<\/p><p>Tchajwansk\u00e9 ministerstvo zahrani\u010dn\u00edch v\u011bc\u00ed uv\u00edtalo rezoluci Evropsk\u00e9ho parlamentu ze 16. \u010dervna a zav\u00e1zalo se ke spolupr\u00e1ci v oblasti demokratick\u00e9 odolnosti a sd\u00edlen\u00ed informac\u00ed. Tento z\u00e1vazek ale pot\u0159ebuje i institucion\u00e1ln\u00ed ukotven\u00ed.<\/p><p>Toho lze dos\u00e1hnout \u010dty\u0159mi kroky.<\/p><p>Za prv\u00e9, vylou\u010den\u00ed Tchaj-wanu z Interpolu by m\u011blo b\u00fdt vn\u00edm\u00e1no jako sou\u010d\u00e1st probl\u00e9mu nadn\u00e1rodn\u00edch repres\u00ed, nikoli jako pouh\u00fd diplomatick\u00fd spor. Tchaj-pej nem\u016f\u017ee sledovat, rozporovat ani odhalovat p\u0159\u00edpady zneu\u017e\u00edv\u00e1n\u00ed t\u00e9to organizace.<\/p><p>Za druh\u00e9, \u010dlensk\u00e9 st\u00e1ty by m\u011bly jednat v souladu s v\u00fdzvou Evropsk\u00e9ho parlamentu ke zru\u0161en\u00ed dohod o vyd\u00e1v\u00e1n\u00ed osob s \u010c\u00ednou.<\/p><p>Za t\u0159et\u00ed, Rada by m\u011bla vyu\u017e\u00edt glob\u00e1ln\u00ed re\u017eim sankc\u00ed EU v oblasti lidsk\u00fdch pr\u00e1v v\u016f\u010di osob\u00e1m odpov\u011bdn\u00fdm za pl\u00e1nov\u00e1n\u00ed a prov\u00e1d\u011bn\u00ed nadn\u00e1rodn\u00edch repres\u00ed.<\/p><p>Za \u010dtvrt\u00e9, Tchaj-wan a EU by m\u011bly z\u0159\u00eddit st\u00e1l\u00fd kan\u00e1l pro \u0159e\u0161en\u00ed p\u0159\u00edpad\u016f nadn\u00e1rodn\u00edch repres\u00ed. Tento kan\u00e1l by umo\u017enil, aby d\u016fkazy shrom\u00e1\u017ed\u011bn\u00e9 v Tchaj-peji slou\u017eily jako podklady pro evropsk\u00e9 anal\u00fdzy rizik, rozhodov\u00e1n\u00ed o ud\u011blov\u00e1n\u00ed azylu a dopl\u0148ov\u00e1n\u00ed sank\u010dn\u00edch spis\u016f. Z\u00e1rove\u0148 by umo\u017enil l\u00e9pe posuzovat \u017e\u00e1dosti o vyd\u00e1n\u00ed a zlep\u0161il spolupr\u00e1ci mezi bezpe\u010dnostn\u00edmi zbory.<\/p><p>Zased\u00e1n\u00ed Evropsk\u00e9ho parlamentu v \u010dervnu upozornilo, \u017ee Interpol ji\u017e zru\u0161il n\u011bkter\u00e1 n\u00e1pravn\u00e1 opat\u0159en\u00ed v\u016f\u010di Rusku. Ukazuje n\u00e1m to, jak rychle m\u016f\u017eeme ztratit p\u016fdu pod nohama, kdy\u017e se nikdo ned\u00edv\u00e1.<\/p><p>\u201eStejn\u00e9 sm\u00fd\u0161len\u00ed\u201c je jedn\u00edm z nej\u010dast\u011bji pou\u017e\u00edvan\u00fdch pojm\u016f tchajwansk\u00e9 diplomacie. V tomto p\u0159\u00edpad\u011b m\u00e1 ale konkr\u00e9tn\u00ed v\u00fdznam.<\/p><p>Polsk\u00fd konzervativec, nizozemsk\u00e1 zelen\u00e1 politi\u010dka, b\u00fdval\u00fd japonsk\u00fd ministr obrany a b\u00fdval\u00e1 kanadsk\u00e1 vicepremi\u00e9rka na\u0161li shodu v pohledu na jedin\u00fd \u010d\u00ednsk\u00fd z\u00e1kon. Tchaj-wan by m\u011bl tuto shodu vn\u00edmat jako z\u00e1klad funguj\u00edc\u00ed struktury spolupr\u00e1ce d\u0159\u00edve, ne\u017e se pr\u00e1vn\u00ed n\u00e1tlak Pekingu stane normou.<\/p><p><strong>Autor:<\/strong><\/p><ul><li><strong>Marcin Jerzewski\u00a0<\/strong>je \u0159editelem tchajwansk\u00e9 kancel\u00e1\u0159e Bezpe\u010dnostn\u00edho centra Evropsk\u00e9 hodnoty a v\u00fdzkumn\u00fdm pracovn\u00edkem organizace Visegrad Insight.<\/li><\/ul>\t\t\t\t\t\t\t\t<\/div>\n\t\t\t\t<\/div>\n\t\t\t\t\t<\/div>\n\t\t<\/div>\n\t\t\t\t\t<\/div>\n\t\t<\/section>\n\t\t\t\t\t<\/div>\n\t\t<\/div>\n\t\t\t\t\t<\/div>\n\t\t<\/section>\n\t\t\t\t<section class=\"elementor-section elementor-top-section elementor-element elementor-element-69668d9a elementor-section-boxed elementor-section-height-default elementor-section-height-default\" data-id=\"69668d9a\" data-element_type=\"section\" data-e-type=\"section\">\n\t\t\t\t\t\t<div class=\"elementor-container elementor-column-gap-default\">\n\t\t\t\t\t<div class=\"elementor-column elementor-col-100 elementor-top-column elementor-element elementor-element-442e3251\" data-id=\"442e3251\" data-element_type=\"column\" data-e-type=\"column\">\n\t\t\t<div class=\"elementor-widget-wrap elementor-element-populated\">\n\t\t\t\t\t\t<section class=\"elementor-section elementor-inner-section elementor-element elementor-element-10e02f33 elementor-section-boxed elementor-section-height-default elementor-section-height-default\" data-id=\"10e02f33\" data-element_type=\"section\" data-e-type=\"section\" data-no-translation=\"\">\n\t\t\t\t\t\t<div class=\"elementor-container elementor-column-gap-default\">\n\t\t\t\t\t<div class=\"elementor-column elementor-col-100 elementor-inner-column elementor-element elementor-element-64dcc52d\" data-id=\"64dcc52d\" data-element_type=\"column\" data-e-type=\"column\" data-settings=\"{&quot;background_background&quot;:&quot;classic&quot;}\">\n\t\t\t<div class=\"elementor-widget-wrap elementor-element-populated\">\n\t\t\t\t\t\t<div class=\"elementor-element elementor-element-1ac5a4b7 elementor-widget elementor-widget-text-editor\" data-id=\"1ac5a4b7\" data-element_type=\"widget\" data-e-type=\"widget\" data-widget_type=\"text-editor.default\">\n\t\t\t\t<div class=\"elementor-widget-container\">\n\t\t\t\t\t\t\t\t\t<p>Toto je p\u0159eklad \u010dl\u00e1nku, kter\u00fd p\u016fvodn\u011b vy\u0161el v angli\u010dtin\u011b v <a href=\"https:\/\/www.taipeitimes.com\/News\/editorials\/archives\/2026\/08\/11\/2003862271\" target=\"_blank\" rel=\"noopener\">Taipei Times<\/a>.<\/p>\t\t\t\t\t\t\t\t<\/div>\n\t\t\t\t<\/div>\n\t\t\t\t\t<\/div>\n\t\t<\/div>\n\t\t\t\t\t<\/div>\n\t\t<\/section>\n\t\t\t\t\t<\/div>\n\t\t<\/div>\n\t\t\t\t\t<\/div>\n\t\t<\/section>\n\t\t\t\t<\/div>","protected":false},"excerpt":{"rendered":"<p>Photo: China National Radio Foto: China National Radio When President William Lai (\u8cf4\u6e05\u5fb7) opened the 10th Ketagalan Forum in Taipei on Tuesday last week, the instrument he singled out was not a missile system or a naval fleet. It was a statute. China\u2019s Ethnic Unity and Progress Promotion Law infringes upon Taiwan\u2019s sovereignty, persecutes religions [&hellip;]<\/p>\n","protected":false},"author":19,"featured_media":44311,"comment_status":"closed","ping_status":"closed","sticky":false,"template":"","format":"standard","meta":{"footnotes":""},"categories":[500],"tags":[495],"class_list":["post-44314","post","type-post","status-publish","format-standard","has-post-thumbnail","hentry","category-articles","tag-marcin-jerzewski"],"yoast_head":"<!-- This site is optimized with the Yoast SEO plugin v28.3 - https:\/\/yoast.com\/product\/yoast-seo-wordpress\/ -->\n<title>Fighting transnational repression - European Values Center for Security Policy<\/title>\n<meta name=\"robots\" content=\"index, follow, max-snippet:-1, max-image-preview:large, max-video-preview:-1\" \/>\n<link rel=\"canonical\" href=\"https:\/\/europeanvalues.cz\/cs\/fighting-transnational-repression\/\" \/>\n<meta property=\"og:locale\" content=\"cs_CZ\" \/>\n<meta property=\"og:type\" content=\"article\" \/>\n<meta property=\"og:title\" content=\"Fighting transnational repression - European Values Center for Security Policy\" \/>\n<meta property=\"og:description\" content=\"Photo: China National Radio Foto: China National Radio When President William Lai (\u8cf4\u6e05\u5fb7) opened the 10th Ketagalan Forum in Taipei on Tuesday last week, the instrument he singled out was not a missile system or a naval fleet. It was a statute. China\u2019s Ethnic Unity and Progress Promotion Law infringes upon Taiwan\u2019s sovereignty, persecutes religions [&hellip;]\" \/>\n<meta property=\"og:url\" content=\"https:\/\/europeanvalues.cz\/cs\/fighting-transnational-repression\/\" \/>\n<meta property=\"og:site_name\" content=\"European Values Center for Security Policy\" \/>\n<meta property=\"article:published_time\" content=\"2026-08-11T12:10:22+00:00\" \/>\n<meta property=\"article:modified_time\" content=\"2026-09-02T12:16:57+00:00\" \/>\n<meta property=\"og:image\" content=\"https:\/\/europeanvalues.cz\/wp-content\/uploads\/2026\/08\/kids_web.png\" \/>\n\t<meta property=\"og:image:width\" content=\"2160\" \/>\n\t<meta property=\"og:image:height\" content=\"1136\" \/>\n\t<meta property=\"og:image:type\" content=\"image\/png\" \/>\n<meta name=\"author\" content=\"K\u00e1ja Kabe\u0161ov\u00e1\" \/>\n<meta name=\"twitter:card\" content=\"summary_large_image\" \/>\n<meta name=\"twitter:label1\" content=\"Napsal(a)\" \/>\n\t<meta name=\"twitter:data1\" content=\"K\u00e1ja Kabe\u0161ov\u00e1\" \/>\n\t<meta name=\"twitter:label2\" content=\"Odhadovan\u00e1 doba \u010dten\u00ed\" \/>\n\t<meta name=\"twitter:data2\" content=\"11 minut\" \/>\n<script type=\"application\/ld+json\" class=\"yoast-schema-graph\">{\"@context\":\"https:\\\/\\\/schema.org\",\"@graph\":[{\"@type\":\"Article\",\"@id\":\"https:\\\/\\\/europeanvalues.cz\\\/fighting-transnational-repression\\\/#article\",\"isPartOf\":{\"@id\":\"https:\\\/\\\/europeanvalues.cz\\\/fighting-transnational-repression\\\/\"},\"author\":{\"name\":\"K\u00e1ja Kabe\u0161ov\u00e1\",\"@id\":\"https:\\\/\\\/europeanvalues.cz\\\/en\\\/#\\\/schema\\\/person\\\/1dad131c1c5d60a777b1a204a2c2605c\"},\"headline\":\"Fighting transnational repression\",\"datePublished\":\"2026-08-11T12:10:22+00:00\",\"dateModified\":\"2026-09-02T12:16:57+00:00\",\"mainEntityOfPage\":{\"@id\":\"https:\\\/\\\/europeanvalues.cz\\\/fighting-transnational-repression\\\/\"},\"wordCount\":2838,\"publisher\":{\"@id\":\"https:\\\/\\\/europeanvalues.cz\\\/en\\\/#organization\"},\"image\":{\"@id\":\"https:\\\/\\\/europeanvalues.cz\\\/fighting-transnational-repression\\\/#primaryimage\"},\"thumbnailUrl\":\"https:\\\/\\\/europeanvalues.cz\\\/wp-content\\\/uploads\\\/2026\\\/08\\\/kids_web.png\",\"keywords\":[\"Marcin Jerzewski\"],\"articleSection\":[\"Articles\"],\"inLanguage\":\"cs\"},{\"@type\":\"WebPage\",\"@id\":\"https:\\\/\\\/europeanvalues.cz\\\/fighting-transnational-repression\\\/\",\"url\":\"https:\\\/\\\/europeanvalues.cz\\\/fighting-transnational-repression\\\/\",\"name\":\"Fighting transnational repression - European Values Center for Security Policy\",\"isPartOf\":{\"@id\":\"https:\\\/\\\/europeanvalues.cz\\\/en\\\/#website\"},\"primaryImageOfPage\":{\"@id\":\"https:\\\/\\\/europeanvalues.cz\\\/fighting-transnational-repression\\\/#primaryimage\"},\"image\":{\"@id\":\"https:\\\/\\\/europeanvalues.cz\\\/fighting-transnational-repression\\\/#primaryimage\"},\"thumbnailUrl\":\"https:\\\/\\\/europeanvalues.cz\\\/wp-content\\\/uploads\\\/2026\\\/08\\\/kids_web.png\",\"datePublished\":\"2026-08-11T12:10:22+00:00\",\"dateModified\":\"2026-09-02T12:16:57+00:00\",\"breadcrumb\":{\"@id\":\"https:\\\/\\\/europeanvalues.cz\\\/fighting-transnational-repression\\\/#breadcrumb\"},\"inLanguage\":\"cs\",\"potentialAction\":[{\"@type\":\"ReadAction\",\"target\":[\"https:\\\/\\\/europeanvalues.cz\\\/fighting-transnational-repression\\\/\"]}]},{\"@type\":\"ImageObject\",\"inLanguage\":\"cs\",\"@id\":\"https:\\\/\\\/europeanvalues.cz\\\/fighting-transnational-repression\\\/#primaryimage\",\"url\":\"https:\\\/\\\/europeanvalues.cz\\\/wp-content\\\/uploads\\\/2026\\\/08\\\/kids_web.png\",\"contentUrl\":\"https:\\\/\\\/europeanvalues.cz\\\/wp-content\\\/uploads\\\/2026\\\/08\\\/kids_web.png\",\"width\":2160,\"height\":1136},{\"@type\":\"BreadcrumbList\",\"@id\":\"https:\\\/\\\/europeanvalues.cz\\\/fighting-transnational-repression\\\/#breadcrumb\",\"itemListElement\":[{\"@type\":\"ListItem\",\"position\":1,\"name\":\"Dom\u016f\",\"item\":\"https:\\\/\\\/europeanvalues.cz\\\/en\\\/\"},{\"@type\":\"ListItem\",\"position\":2,\"name\":\"Fighting transnational repression\"}]},{\"@type\":\"WebSite\",\"@id\":\"https:\\\/\\\/europeanvalues.cz\\\/en\\\/#website\",\"url\":\"https:\\\/\\\/europeanvalues.cz\\\/en\\\/\",\"name\":\"European Values Center for Security Policy\",\"description\":\"\",\"publisher\":{\"@id\":\"https:\\\/\\\/europeanvalues.cz\\\/en\\\/#organization\"},\"potentialAction\":[{\"@type\":\"SearchAction\",\"target\":{\"@type\":\"EntryPoint\",\"urlTemplate\":\"https:\\\/\\\/europeanvalues.cz\\\/en\\\/?s={search_term_string}\"},\"query-input\":{\"@type\":\"PropertyValueSpecification\",\"valueRequired\":true,\"valueName\":\"search_term_string\"}}],\"inLanguage\":\"cs\"},{\"@type\":\"Organization\",\"@id\":\"https:\\\/\\\/europeanvalues.cz\\\/en\\\/#organization\",\"name\":\"European Values Center for Security Policy\",\"url\":\"https:\\\/\\\/europeanvalues.cz\\\/en\\\/\",\"logo\":{\"@type\":\"ImageObject\",\"inLanguage\":\"cs\",\"@id\":\"https:\\\/\\\/europeanvalues.cz\\\/en\\\/#\\\/schema\\\/logo\\\/image\\\/\",\"url\":\"https:\\\/\\\/europeanvalues.cz\\\/wp-content\\\/uploads\\\/2021\\\/04\\\/logo-horse.svg\",\"contentUrl\":\"https:\\\/\\\/europeanvalues.cz\\\/wp-content\\\/uploads\\\/2021\\\/04\\\/logo-horse.svg\",\"caption\":\"European Values Center for Security Policy\"},\"image\":{\"@id\":\"https:\\\/\\\/europeanvalues.cz\\\/en\\\/#\\\/schema\\\/logo\\\/image\\\/\"}},{\"@type\":\"Person\",\"@id\":\"https:\\\/\\\/europeanvalues.cz\\\/en\\\/#\\\/schema\\\/person\\\/1dad131c1c5d60a777b1a204a2c2605c\",\"name\":\"K\u00e1ja Kabe\u0161ov\u00e1\",\"image\":{\"@type\":\"ImageObject\",\"inLanguage\":\"cs\",\"@id\":\"https:\\\/\\\/secure.gravatar.com\\\/avatar\\\/b92b09a663176835ccb74dd6a0fc2f04fbbd23a001d87eb49227c1c4f588f4b9?s=96&r=g\",\"url\":\"https:\\\/\\\/secure.gravatar.com\\\/avatar\\\/b92b09a663176835ccb74dd6a0fc2f04fbbd23a001d87eb49227c1c4f588f4b9?s=96&r=g\",\"contentUrl\":\"https:\\\/\\\/secure.gravatar.com\\\/avatar\\\/b92b09a663176835ccb74dd6a0fc2f04fbbd23a001d87eb49227c1c4f588f4b9?s=96&r=g\",\"caption\":\"K\u00e1ja Kabe\u0161ov\u00e1\"},\"url\":\"https:\\\/\\\/europeanvalues.cz\\\/cs\\\/author\\\/karolina-k\\\/\"}]}<\/script>\n<!-- \/ Yoast SEO plugin. -->","yoast_head_json":{"title":"Fighting transnational repression - European Values Center for Security Policy","robots":{"index":"index","follow":"follow","max-snippet":"max-snippet:-1","max-image-preview":"max-image-preview:large","max-video-preview":"max-video-preview:-1"},"canonical":"https:\/\/europeanvalues.cz\/cs\/fighting-transnational-repression\/","og_locale":"cs_CZ","og_type":"article","og_title":"Fighting transnational repression - European Values Center for Security Policy","og_description":"Photo: China National Radio Foto: China National Radio When President William Lai (\u8cf4\u6e05\u5fb7) opened the 10th Ketagalan Forum in Taipei on Tuesday last week, the instrument he singled out was not a missile system or a naval fleet. It was a statute. China\u2019s Ethnic Unity and Progress Promotion Law infringes upon Taiwan\u2019s sovereignty, persecutes religions [&hellip;]","og_url":"https:\/\/europeanvalues.cz\/cs\/fighting-transnational-repression\/","og_site_name":"European Values Center for Security Policy","article_published_time":"2026-08-11T12:10:22+00:00","article_modified_time":"2026-09-02T12:16:57+00:00","og_image":[{"url":"https:\/\/europeanvalues.cz\/wp-content\/uploads\/2026\/08\/kids_web.png","width":2160,"height":1136,"type":"image\/png"}],"author":"K\u00e1ja Kabe\u0161ov\u00e1","twitter_card":"summary_large_image","twitter_misc":{"Napsal(a)":"K\u00e1ja Kabe\u0161ov\u00e1","Odhadovan\u00e1 doba \u010dten\u00ed":"11 minut"},"schema":{"@context":"https:\/\/schema.org","@graph":[{"@type":"Article","@id":"https:\/\/europeanvalues.cz\/fighting-transnational-repression\/#article","isPartOf":{"@id":"https:\/\/europeanvalues.cz\/fighting-transnational-repression\/"},"author":{"name":"K\u00e1ja Kabe\u0161ov\u00e1","@id":"https:\/\/europeanvalues.cz\/en\/#\/schema\/person\/1dad131c1c5d60a777b1a204a2c2605c"},"headline":"Fighting transnational repression","datePublished":"2026-08-11T12:10:22+00:00","dateModified":"2026-09-02T12:16:57+00:00","mainEntityOfPage":{"@id":"https:\/\/europeanvalues.cz\/fighting-transnational-repression\/"},"wordCount":2838,"publisher":{"@id":"https:\/\/europeanvalues.cz\/en\/#organization"},"image":{"@id":"https:\/\/europeanvalues.cz\/fighting-transnational-repression\/#primaryimage"},"thumbnailUrl":"https:\/\/europeanvalues.cz\/wp-content\/uploads\/2026\/08\/kids_web.png","keywords":["Marcin Jerzewski"],"articleSection":["Articles"],"inLanguage":"cs"},{"@type":"WebPage","@id":"https:\/\/europeanvalues.cz\/fighting-transnational-repression\/","url":"https:\/\/europeanvalues.cz\/fighting-transnational-repression\/","name":"Fighting transnational repression - European Values Center for Security Policy","isPartOf":{"@id":"https:\/\/europeanvalues.cz\/en\/#website"},"primaryImageOfPage":{"@id":"https:\/\/europeanvalues.cz\/fighting-transnational-repression\/#primaryimage"},"image":{"@id":"https:\/\/europeanvalues.cz\/fighting-transnational-repression\/#primaryimage"},"thumbnailUrl":"https:\/\/europeanvalues.cz\/wp-content\/uploads\/2026\/08\/kids_web.png","datePublished":"2026-08-11T12:10:22+00:00","dateModified":"2026-09-02T12:16:57+00:00","breadcrumb":{"@id":"https:\/\/europeanvalues.cz\/fighting-transnational-repression\/#breadcrumb"},"inLanguage":"cs","potentialAction":[{"@type":"ReadAction","target":["https:\/\/europeanvalues.cz\/fighting-transnational-repression\/"]}]},{"@type":"ImageObject","inLanguage":"cs","@id":"https:\/\/europeanvalues.cz\/fighting-transnational-repression\/#primaryimage","url":"https:\/\/europeanvalues.cz\/wp-content\/uploads\/2026\/08\/kids_web.png","contentUrl":"https:\/\/europeanvalues.cz\/wp-content\/uploads\/2026\/08\/kids_web.png","width":2160,"height":1136},{"@type":"BreadcrumbList","@id":"https:\/\/europeanvalues.cz\/fighting-transnational-repression\/#breadcrumb","itemListElement":[{"@type":"ListItem","position":1,"name":"Dom\u016f","item":"https:\/\/europeanvalues.cz\/en\/"},{"@type":"ListItem","position":2,"name":"Fighting transnational repression"}]},{"@type":"WebSite","@id":"https:\/\/europeanvalues.cz\/en\/#website","url":"https:\/\/europeanvalues.cz\/en\/","name":"European Values Center for Security Policy","description":"","publisher":{"@id":"https:\/\/europeanvalues.cz\/en\/#organization"},"potentialAction":[{"@type":"SearchAction","target":{"@type":"EntryPoint","urlTemplate":"https:\/\/europeanvalues.cz\/en\/?s={search_term_string}"},"query-input":{"@type":"PropertyValueSpecification","valueRequired":true,"valueName":"search_term_string"}}],"inLanguage":"cs"},{"@type":"Organization","@id":"https:\/\/europeanvalues.cz\/en\/#organization","name":"European Values Center for Security Policy","url":"https:\/\/europeanvalues.cz\/en\/","logo":{"@type":"ImageObject","inLanguage":"cs","@id":"https:\/\/europeanvalues.cz\/en\/#\/schema\/logo\/image\/","url":"https:\/\/europeanvalues.cz\/wp-content\/uploads\/2021\/04\/logo-horse.svg","contentUrl":"https:\/\/europeanvalues.cz\/wp-content\/uploads\/2021\/04\/logo-horse.svg","caption":"European Values Center for Security Policy"},"image":{"@id":"https:\/\/europeanvalues.cz\/en\/#\/schema\/logo\/image\/"}},{"@type":"Person","@id":"https:\/\/europeanvalues.cz\/en\/#\/schema\/person\/1dad131c1c5d60a777b1a204a2c2605c","name":"K\u00e1ja Kabe\u0161ov\u00e1","image":{"@type":"ImageObject","inLanguage":"cs","@id":"https:\/\/secure.gravatar.com\/avatar\/b92b09a663176835ccb74dd6a0fc2f04fbbd23a001d87eb49227c1c4f588f4b9?s=96&r=g","url":"https:\/\/secure.gravatar.com\/avatar\/b92b09a663176835ccb74dd6a0fc2f04fbbd23a001d87eb49227c1c4f588f4b9?s=96&r=g","contentUrl":"https:\/\/secure.gravatar.com\/avatar\/b92b09a663176835ccb74dd6a0fc2f04fbbd23a001d87eb49227c1c4f588f4b9?s=96&r=g","caption":"K\u00e1ja Kabe\u0161ov\u00e1"},"url":"https:\/\/europeanvalues.cz\/cs\/author\/karolina-k\/"}]}},"_links":{"self":[{"href":"https:\/\/europeanvalues.cz\/cs\/wp-json\/wp\/v2\/posts\/44314","targetHints":{"allow":["GET"]}}],"collection":[{"href":"https:\/\/europeanvalues.cz\/cs\/wp-json\/wp\/v2\/posts"}],"about":[{"href":"https:\/\/europeanvalues.cz\/cs\/wp-json\/wp\/v2\/types\/post"}],"author":[{"embeddable":true,"href":"https:\/\/europeanvalues.cz\/cs\/wp-json\/wp\/v2\/users\/19"}],"replies":[{"embeddable":true,"href":"https:\/\/europeanvalues.cz\/cs\/wp-json\/wp\/v2\/comments?post=44314"}],"version-history":[{"count":10,"href":"https:\/\/europeanvalues.cz\/cs\/wp-json\/wp\/v2\/posts\/44314\/revisions"}],"predecessor-version":[{"id":44324,"href":"https:\/\/europeanvalues.cz\/cs\/wp-json\/wp\/v2\/posts\/44314\/revisions\/44324"}],"wp:featuredmedia":[{"embeddable":true,"href":"https:\/\/europeanvalues.cz\/cs\/wp-json\/wp\/v2\/media\/44311"}],"wp:attachment":[{"href":"https:\/\/europeanvalues.cz\/cs\/wp-json\/wp\/v2\/media?parent=44314"}],"wp:term":[{"taxonomy":"category","embeddable":true,"href":"https:\/\/europeanvalues.cz\/cs\/wp-json\/wp\/v2\/categories?post=44314"},{"taxonomy":"post_tag","embeddable":true,"href":"https:\/\/europeanvalues.cz\/cs\/wp-json\/wp\/v2\/tags?post=44314"}],"curies":[{"name":"wp","href":"https:\/\/api.w.org\/{rel}","templated":true}]}}