{"id":44301,"date":"2026-08-01T13:52:03","date_gmt":"2026-08-01T11:52:03","guid":{"rendered":"https:\/\/europeanvalues.cz\/?p=44301"},"modified":"2026-09-02T14:10:12","modified_gmt":"2026-09-02T12:10:12","slug":"food-safety-or-information-crisis","status":"publish","type":"post","link":"https:\/\/europeanvalues.cz\/cs\/food-safety-or-information-crisis\/","title":{"rendered":"Bezpe\u010dnost potravin, nebo informa\u010dn\u00ed krize?"},"content":{"rendered":"<div data-elementor-type=\"wp-post\" data-elementor-id=\"44301\" class=\"elementor elementor-44301\" data-elementor-post-type=\"post\">\n\t\t\t\t\t\t<section class=\"elementor-section elementor-top-section elementor-element elementor-element-726b441b elementor-section-boxed elementor-section-height-default elementor-section-height-default\" data-id=\"726b441b\" data-element_type=\"section\" data-e-type=\"section\">\n\t\t\t\t\t\t<div class=\"elementor-container elementor-column-gap-default\">\n\t\t\t\t\t<div class=\"elementor-column elementor-col-100 elementor-top-column elementor-element elementor-element-27eabebd\" data-id=\"27eabebd\" data-element_type=\"column\" data-e-type=\"column\">\n\t\t\t<div class=\"elementor-widget-wrap elementor-element-populated\">\n\t\t\t\t\t\t<div class=\"elementor-element elementor-element-2eee00dd elementor-widget elementor-widget-text-editor\" data-id=\"2eee00dd\" data-element_type=\"widget\" data-e-type=\"widget\" data-no-translation=\"\" data-widget_type=\"text-editor.default\">\n\t\t\t\t<div class=\"elementor-widget-container\">\n\t\t\t\t\t<style>.elementor-element-2eee00dd{display:none !important}<\/style>\t\t\t\t<\/div>\n\t\t\t\t<\/div>\n\t\t\t\t<div class=\"elementor-element elementor-element-215a7600 elementor-widget elementor-widget-text-editor\" data-id=\"215a7600\" data-element_type=\"widget\" data-e-type=\"widget\" data-no-translation=\"\" data-widget_type=\"text-editor.default\">\n\t\t\t\t<div class=\"elementor-widget-container\">\n\t\t\t\t\t\t\t\t\t<p>Foto: <a href=\"https:\/\/pixnio.com\/food-and-drink\/oil-glass-bottle-food-sunflower\">congerdesign<\/a> na <a href=\"https:\/\/pixnio.com\/\">Pixnio<\/a><\/p>\t\t\t\t\t\t\t\t<\/div>\n\t\t\t\t<\/div>\n\t\t\t\t\t<\/div>\n\t\t<\/div>\n\t\t\t\t\t<\/div>\n\t\t<\/section>\n\t\t\t\t<section class=\"elementor-section elementor-top-section elementor-element elementor-element-1830c422 elementor-section-boxed elementor-section-height-default elementor-section-height-default\" data-id=\"1830c422\" data-element_type=\"section\" data-e-type=\"section\">\n\t\t\t\t\t\t<div class=\"elementor-container elementor-column-gap-default\">\n\t\t\t\t\t<div class=\"elementor-column elementor-col-100 elementor-top-column elementor-element elementor-element-6ecc8a6d\" data-id=\"6ecc8a6d\" data-element_type=\"column\" data-e-type=\"column\">\n\t\t\t<div class=\"elementor-widget-wrap elementor-element-populated\">\n\t\t\t\t\t\t<section class=\"elementor-section elementor-inner-section elementor-element elementor-element-7fcc66a2 elementor-section-boxed elementor-section-height-default elementor-section-height-default\" data-id=\"7fcc66a2\" data-element_type=\"section\" data-e-type=\"section\" data-no-translation=\"\">\n\t\t\t\t\t\t<div class=\"elementor-container elementor-column-gap-default\">\n\t\t\t\t\t<div class=\"elementor-column elementor-col-100 elementor-inner-column elementor-element elementor-element-2ebf8418\" data-id=\"2ebf8418\" data-element_type=\"column\" data-e-type=\"column\">\n\t\t\t<div class=\"elementor-widget-wrap elementor-element-populated\">\n\t\t\t\t\t\t<div class=\"elementor-element elementor-element-3ec29e0f elementor-widget elementor-widget-text-editor\" data-id=\"3ec29e0f\" data-element_type=\"widget\" data-e-type=\"widget\" data-widget_type=\"text-editor.default\">\n\t\t\t\t<div class=\"elementor-widget-container\">\n\t\t\t\t\t\t\t\t\t<p>Skand\u00e1l s kuchy\u0148sk\u00fdm olejem je p\u0159edev\u0161\u00edm selh\u00e1n\u00edm syst\u00e9mu, jeho\u017e \u00fakolem je regulace. Kdy\u017e se kontaminovan\u00fd olej dostal do potravin\u00e1\u0159sk\u00e9ho zpracovatelsk\u00e9ho \u0159et\u011bzce, selhaly bezpe\u010dnostn\u00ed mechanismy firem a \u00fa\u0159ady jen t\u011b\u017eko vysv\u011btlovaly, jak\u00e9ho rozsahu probl\u00e9m dos\u00e1hl.<\/p><p>Skand\u00e1l v\u0161ak ji\u017e nen\u00ed jen o tom, co se dostalo do tchajwansk\u00fdch kuchyn\u00ed. Je rovn\u011b\u017e o tom, kdo bude z\u00e1va\u017enost tohoto selh\u00e1n\u00ed vysv\u011btlovat.<\/p><p>Dne 30. \u010dervna byl tchajwansk\u00fd \u00da\u0159ad pro kontrolu potravin a l\u00e9\u010div informov\u00e1n, \u017ee p\u0159ibli\u017en\u011b 1 300 tun s\u00f3jov\u00e9ho oleje od spole\u010dnosti Central Union Oil Corp se s\u00eddlem v Tchaj-\u010dungu obsahovalo v\u00edce ne\u017e \u010dty\u0159n\u00e1sobek tchajwansk\u00e9ho z\u00e1konn\u00e9ho limitu pro benzopyren. N\u00e1sledn\u00e9 nez\u00e1visl\u00e9 \u0161et\u0159en\u00ed odhalilo dal\u0161\u00ed nevyhovuj\u00edc\u00ed \u0161ar\u017ee u stovek prodejc\u016f, co\u017e vedlo k dal\u0161\u00edmu stahov\u00e1n\u00ed v\u00fdrobk\u016f z trhu.<\/p><p>Tyto probl\u00e9my nejsou pouh\u00fdm v\u00fdmyslem. Nebyl to Peking, kdo z\u00e1vadn\u00fd kuchy\u0148sk\u00fd olej vyr\u00e1b\u011bl, a nebyl to ani Peking, kdo oslabil \u0159\u00e1dnou kontrolu bezpe\u010dnosti potravin.<\/p><p>Dne 15. \u010dervence mluv\u010d\u00ed \u010d\u00ednsk\u00e9 Kancel\u00e1\u0159e St\u00e1tn\u00ed rady pro z\u00e1le\u017eitosti Tchaj-wanu (TAO) Zhu Fenglian (\u6731\u9cf3\u84ee) obvinila vl\u00e1du Demokratick\u00e9 pokrokov\u00e9 strany (DPP) ze snahy \u201ezatajovat a skr\u00fdvat informace\u201c. \u010c\u00edna se tak sv\u00fdmi v\u00fdroky sna\u017e\u00ed p\u0159er\u00e1movat prob\u00edhaj\u00edc\u00ed vy\u0161et\u0159ov\u00e1n\u00ed na d\u016fkaz \u00famysln\u00e9ho klam\u00e1n\u00ed.<\/p><p>Geopolitick\u00fd z\u00e1m\u011br Pekingu se z\u00e1hy jednozna\u010dn\u011b potvrdil. Mluv\u010d\u00ed Zhu obvinila tchajwanskou DPP z toho, \u017ee \u201eznovu a znovu riskuje \u017eivoty a ve\u0159ejn\u00e9 zdrav\u00ed ve jm\u00e9nu v\u011brnosti Spojen\u00fdm st\u00e1t\u016fm\u201c. Stranicko-st\u00e1tn\u00ed tisk spojil olejov\u00fd skand\u00e1l se star\u0161\u00edmi kontroverzemi t\u00fdkaj\u00edc\u00edmi se americk\u00e9ho vep\u0159ov\u00e9ho masa obsahuj\u00edc\u00edho raktopamin, dovozu americk\u00fdch zem\u011bd\u011blsk\u00fdch v\u00fdrobk\u016f nebo japonsk\u00fdch potravin z Fuku\u0161imy.<\/p><p>Dosud nen\u00ed dostatek d\u016fkaz\u016f, kter\u00e9 by jednozna\u010dn\u011b potvrzovaly existenci skryt\u00e9 s\u00edt\u011b \u00fa\u010dt\u016f, jako tomu bylo u d\u0159\u00edve prok\u00e1zan\u00fdch \u010d\u00ednsk\u00fdch vlivov\u00fdch operac\u00ed.<\/p><p>Co v\u0161ak v t\u00e9to chv\u00edli lze dolo\u017eit, je velmi jednotn\u00fd zp\u016fsob, jak\u00fdm o kauze informuj\u00ed \u010d\u00ednsk\u00e1 st\u00e1tn\u00ed a stranick\u00e1 m\u00e9dia. TAO, st\u00e1tn\u00ed tiskov\u00e1 agentura Xinhua a People\u2019s Daily vykresluj\u00ed regulatorn\u00ed selh\u00e1n\u00ed jako d\u016fkaz selh\u00e1n\u00ed demokracie a kauzu d\u00e1vaj\u00ed do souvislosti s tchajwansk\u00fdmi vztahy s USA.<\/p><p>Potravinov\u00e1 bezpe\u010dnost je ide\u00e1ln\u00ed p\u016fdou pro \u0161\u00ed\u0159en\u00ed nepravd. Kontaminaci nelze vid\u011bt, v\u011bdeck\u00e1 fakta se ve\u0159ejnosti obt\u00ed\u017en\u011b vysv\u011btluj\u00ed a \u00fa\u0159ady, kter\u00e9 maj\u00ed Tchajwance uklid\u0148ovat, jsou z\u00e1rove\u0148 t\u011bmi, jejich\u017e selh\u00e1n\u00ed p\u0159i prov\u00e1d\u011bn\u00ed \u0159\u00e1dn\u00fdch kontrol celou situaci zp\u016fsobilo.<\/p><p>Japonsk\u00e9 rozhodnut\u00ed zah\u00e1jit 24. srpna 2023 vypou\u0161t\u011bn\u00ed o\u0161et\u0159en\u00e9 vody z jadern\u00e9 elektr\u00e1rny Fuku\u0161ima Dai-ichi do mo\u0159e vyvolalo v Ji\u017en\u00ed Koreji bou\u0159livou debatu. Stalo se tak jen n\u011bkolik dn\u00ed pot\u00e9, co se jihokorej\u0161t\u00ed, japon\u0161t\u00ed a ameri\u010dt\u00ed p\u0159edstavitel\u00e9 setkali v marylandsk\u00e9m Camp Davidu s c\u00edlem prohloubit trilater\u00e1ln\u00ed bezpe\u010dnostn\u00ed spolupr\u00e1ci. Jihokorejsk\u00e9 obavy ohledn\u011b bezpe\u010dnosti konzumace mo\u0159sk\u00fdch plod\u016f byly autentick\u00e9, stejn\u011b jako dom\u00e1c\u00ed odpor v\u016f\u010di sbli\u017eov\u00e1n\u00ed tehdej\u0161\u00edho jihokorejsk\u00e9ho prezidenta Yoon Suk-yeola s Japonskem.<\/p><p>Vlivov\u00e1 operace skupiny Storm-1376, napojen\u00e9 na Komunistickou stranu \u010c\u00edny (KS\u010c), se sna\u017eila tento konflikt je\u0161t\u011b v\u00edce prohloubit. Skupina zve\u0159ejnila stovky p\u0159\u00edsp\u011bvk\u016f v korej\u0161tin\u011b, podpo\u0159ila protesty a amplifikovala vyj\u00e1d\u0159en\u00ed tehdej\u0161\u00edho v\u016fdce jihokorejsk\u00e9 opozice Lee Jae-myunga, kter\u00fd vypou\u0161t\u011bn\u00ed ozna\u010dil za \u201eterorismus prost\u0159ednictv\u00edm kontaminovan\u00e9 vody\u201c. N\u011bkter\u00e9 p\u0159\u00edsp\u011bvky obvi\u0148ovaly USA ze snahy o \u201evodn\u00ed nadvl\u00e1du\u201c. Peking v\u0161ak rozho\u0159\u010den\u00ed Jihokorejc\u016f nevymyslel. Pouze vyu\u017eil jihokorejsk\u00e9 hlasy a existuj\u00edc\u00ed rozkol d\u00e1le prohloubil.<\/p><p>V Polsku podobn\u00e1 kontroverze vznikla p\u0159\u00edmo v d\u016fsledku plnohodnotn\u00e9 rusk\u00e9 invaze na Ukrajinu. Pot\u00e9, co Rusko naru\u0161ilo ukrajinsk\u00e9 v\u00fdvozn\u00ed trasy p\u0159es \u010cern\u00e9 mo\u0159e, EU v kv\u011btnu 2022 pozastavila cla na ukrajinsk\u00e9 zem\u011bd\u011blsk\u00e9 produkty, aby pomohla Kyjevu p\u0159epravovat obil\u00ed po zemi. Velk\u00e1 \u010d\u00e1st tohoto obil\u00ed v\u0161ak z\u016fstala v okoln\u00edch evropsk\u00fdch st\u00e1tech, co\u017e vedlo k poklesu jeho cen.<\/p><p>Polsk\u00fd Nejvy\u0161\u0161\u00ed kontroln\u00ed \u00fa\u0159ad v\u0161ak posl\u00e9ze odhalil skute\u010dn\u00e9 nedostatky v kontrole dovozu. Nap\u0159\u00edklad obil\u00ed ur\u010den\u00e9 pro potravin\u00e1\u0159sk\u00e9 nebo krmiv\u00e1\u0159sk\u00e9 \u00fa\u010dely bylo vykazov\u00e1no jako obil\u00ed pro technick\u00e9 \u00fa\u010dely. Kdy\u017e zem\u011bd\u011blci 9. \u00fanora 2024 zah\u00e1jili gener\u00e1ln\u00ed st\u00e1vku, rusk\u00e1 st\u00e1tn\u00ed m\u00e9dia a s nimi spojen\u00e9 s\u00edt\u011b \u0161\u00ed\u0159ily tvrzen\u00ed, \u017ee ukrajinsk\u00e9 produkty jsou jedovat\u00e9 a \u017ee Polsko ob\u011btuje sv\u00e9 spot\u0159ebitele a zem\u011bd\u011blce ve prosp\u011bch Ukrajiny a EU. Ani tento spor Moskva ale nevytvo\u0159ila sama. Pouze vyu\u017eila zablokovan\u00e9 hranice k tomu, aby vykreslila polsko-ukrajinskou v\u00e1le\u010dnou jednotu jako rozpadaj\u00edc\u00ed se zevnit\u0159.<\/p><p>B\u011bhem n\u011bkolika dn\u00ed se m\u00edstn\u00edm prokremelsk\u00fdm kruh\u016fm poda\u0159ilo zobecnit jeden nevyhovuj\u00edc\u00ed vzorek na ve\u0161ker\u00e9 dov\u00e1\u017een\u00e9 ukrajinsk\u00e9 obil\u00ed a za\u010daly jej ozna\u010dovat za toxick\u00e9. Tato panika vrcholila jen n\u011bkolik m\u011bs\u00edc\u016f p\u0159ed volbami 30. z\u00e1\u0159\u00ed 2023, kdy tehdej\u0161\u00ed opozice (budouc\u00ed vl\u00e1dn\u00ed koalice) tvrdila, \u017ee se Z\u00e1pad sna\u017e\u00ed Slovensko zat\u00e1hnout do v\u00e1lky. Robert Fico se stranou Smer-SD volby vyhr\u00e1l se slibem, \u017ee ukon\u010d\u00ed vojenskou pomoc Ukrajin\u011b. Kauza s ukrajinsk\u00fdm obil\u00edm volby nerozhodla, ale ukazuje, jak rychle se mohou obavy o potravinovou bezpe\u010dnost prom\u011bnit v ned\u016fv\u011bru v\u016f\u010di vl\u00e1d\u011b.<\/p><p>Stejn\u00fd \u0159et\u011bzec eskalace je patrn\u00fd i na Tchaj-wanu. Z kontaminovan\u00e9 \u0161ar\u017ee se rychle st\u00e1v\u00e1 cel\u00fd otr\u00e1ven\u00fd syst\u00e9m distribuce potravin. Z prob\u00edhaj\u00edc\u00edho vy\u0161et\u0159ov\u00e1n\u00ed se st\u00e1v\u00e1 zamet\u00e1n\u00ed probl\u00e9mu pod koberec. Ze selh\u00e1n\u00ed regul\u00e1tor\u016f se st\u00e1v\u00e1 d\u016fkaz, \u017ee demokratick\u00e9 z\u0159\u00edzen\u00ed nen\u00ed schopno zemi efektivn\u011b \u0159\u00eddit. Nakonec je toto selh\u00e1n\u00ed d\u00e1v\u00e1no za vinu tchajwansk\u00fdm vztah\u016fm s USA a dal\u0161\u00edmi demokratick\u00fdmi partnery.<\/p><p>Tchajwansk\u00e9 \u00fa\u0159ady zastavily v\u00fdrobu, zah\u00e1jily rozs\u00e1hl\u00e9 stahov\u00e1n\u00ed v\u00fdrobk\u016f z prodeje, poskytly pot\u0159ebn\u00e9 informace a na\u0159\u00eddily nez\u00e1visl\u00e9 vy\u0161et\u0159ov\u00e1n\u00ed. Vl\u00e1da v\u0161ak vystupovala p\u0159edev\u0161\u00edm jako regula\u010dn\u00ed org\u00e1n, p\u0159esto\u017ee by bylo vhodn\u011bj\u0161\u00ed v\u00edce komunikovat svou snahu chr\u00e1nit d\u016fv\u011bru ve\u0159ejnosti.<\/p><p>Regula\u010dn\u00ed org\u00e1n zve\u0159ej\u0148uje \u010d\u00edsla \u0161ar\u017e\u00ed a prahov\u00e9 hodnoty stanoven\u00e9 z\u00e1konem. Strategick\u00e1 komunikace vysv\u011btluje, pro\u010d se informace zm\u011bnily, co z\u016fst\u00e1v\u00e1 nezn\u00e1m\u00e9, co pro ob\u010dana znamen\u00e1 vystaven\u00ed \u0161kodliv\u00e9 l\u00e1tce a kdy m\u016f\u017ee o\u010dek\u00e1vat dal\u0161\u00ed informace.<\/p><p>Bez takov\u00e9ho postupu p\u016fsob\u00ed ka\u017ed\u00e9 nov\u00e9 sd\u011blen\u00ed sp\u00ed\u0161e jako neochotn\u00e9 p\u0159izn\u00e1n\u00ed ne\u017e jako zn\u00e1mka pokroku.<\/p><p>Tchaj-wan by si z toho m\u011bl vz\u00edt t\u0159i ponau\u010den\u00ed. Za prv\u00e9, ka\u017ed\u00fd z\u00e1va\u017en\u00fd incident v potravin\u00e1\u0159stv\u00ed vy\u017eaduje jeden pr\u016fb\u011b\u017en\u011b aktualizovan\u00fd a ve\u0159ejn\u011b p\u0159\u00edstupn\u00fd z\u00e1znam, kter\u00fd odd\u011bluje potvrzen\u00e1 fakta od paniky, otev\u0159en\u011b prezentuje dosud nezodpov\u011bzen\u00e9 ot\u00e1zky, ozna\u010duje dot\u010den\u00e9 produkty, poskytuje spot\u0159ebitel\u016fm jasn\u00e9 pokyny a stanovuje term\u00edn dal\u0161\u00edho briefingu.<\/p><p>Za druh\u00e9, vl\u00e1da pot\u0159ebuje nez\u00e1visl\u00e9 ov\u011b\u0159ovatele, kter\u00fdm ve\u0159ejnost d\u016fv\u011b\u0159uje pr\u00e1v\u011b proto, \u017ee nejsou p\u0159\u00edmo nav\u00e1z\u00e1ni na vl\u00e1du. Nez\u00e1visl\u00e9 laborato\u0159e, toxikologov\u00e9, l\u00e9ka\u0159i, spot\u0159ebitelsk\u00e9 organizace, maloobchodn\u00edci a m\u00edstn\u00ed samospr\u00e1vy by m\u011bli vysv\u011btlovat rozd\u00edl mezi p\u0159ekro\u010den\u00edm z\u00e1konn\u00fdch limit\u016f, vystaven\u00edm nebezpe\u010dn\u00e9 l\u00e1tce a skute\u010dn\u00fdm zdravotn\u00edm rizikem.<\/p><p>Za t\u0159et\u00ed, Tchaj-wan a EU by m\u011bly sv\u00e9 obavy ze zahrani\u010dn\u00edho vm\u011b\u0161ov\u00e1n\u00ed p\u0159etavit v hlub\u0161\u00ed spolupr\u00e1ci. Evropa m\u00e1 zku\u0161enosti s rusk\u00fdm zneu\u017e\u00edv\u00e1n\u00edm obav ob\u010dan\u016f ze zem\u011bd\u011blsk\u00fdch v\u00fdrobk\u016f a ned\u016fv\u011bry v\u016f\u010di kontroln\u00edm org\u00e1n\u016fm. Tchaj-wan zase rozum\u00ed tomu, jak Peking p\u0159izp\u016fsobuje sv\u00e1 politick\u00e1 sd\u011blen\u00ed m\u00edstn\u00edm podm\u00ednk\u00e1m a vyu\u017e\u00edv\u00e1 dom\u00e1c\u00ed kontroverze k \u0161\u00ed\u0159en\u00ed protiamerick\u00e9ho sentimentu.<\/p><p>Spole\u010dn\u00e1 cvi\u010den\u00ed by m\u011bla testovat nejen p\u0159ipravenost na volby a vojensk\u00e9 hrozby, ale rovn\u011b\u017e dopady \u0161\u00ed\u0159en\u00ed kontaminovan\u00fdch potravin, zv\u00ed\u0159ec\u00edch n\u00e1kaz, blok\u00e1d zem\u011bd\u011blsk\u00fdch v\u00fdrobk\u016f nebo v\u00fdpadk\u016f dod\u00e1vek nezbytn\u00fdch k p\u0159e\u017eit\u00ed. Pr\u00e1v\u011b na z\u00e1klad\u011b zvl\u00e1d\u00e1n\u00ed t\u011bchto situac\u00ed si budou ob\u010dan\u00e9 utv\u00e1\u0159et n\u00e1zor na d\u016fv\u011bryhodnost st\u00e1tn\u00edch instituc\u00ed.<\/p><p>V\u00fdhoda Pekingu nevypl\u00fdv\u00e1 jen z propracovan\u00e9 propagandy. Plyne rovn\u011b\u017e z neschopnosti demokratick\u00fdch instituc\u00ed efektivn\u011b p\u016fsobit v informa\u010dn\u00edm prost\u0159ed\u00ed, kde \u010dasto komunikuj\u00ed pomalu, defenzivn\u011b a \u00fatr\u017ekovit\u011b.<\/p><p>Odpov\u011bd\u00ed nen\u00ed zakr\u00fdv\u00e1n\u00ed selh\u00e1n\u00ed ve jm\u00e9nu demokratick\u00e9 odolnosti. Je t\u0159eba dok\u00e1zat, \u017ee demokratick\u00e1 odpov\u011bdnost funguje: p\u0159iznat, v \u010dem jsme ud\u011blali chybu, otev\u0159en\u011b vysv\u011btlit nejistotu, viditeln\u011b chybu napravit a jasn\u011b pouk\u00e1zat na zahrani\u010dn\u00ed vm\u011b\u0161ov\u00e1n\u00ed, ani\u017e bychom p\u0159itom odm\u00edtali opr\u00e1vn\u011bn\u00e9 obavy ve\u0159ejnosti.<\/p><p><strong>Autor:<\/strong><\/p><ul><li style=\"font-weight: 400;\"><strong>Marcin Jerzewski\u8449\u7693\u52e4 <\/strong>je vedouc\u00ed Tchajwansk\u00e9 pobo\u010dky Bezpe\u010dnostn\u00edho centra evropsk\u00fdch hodnot a stipendista v\u00a0organizaci Visegrad Insight.\u00a0<\/li><\/ul>\t\t\t\t\t\t\t\t<\/div>\n\t\t\t\t<\/div>\n\t\t\t\t\t<\/div>\n\t\t<\/div>\n\t\t\t\t\t<\/div>\n\t\t<\/section>\n\t\t\t\t\t<\/div>\n\t\t<\/div>\n\t\t\t\t\t<\/div>\n\t\t<\/section>\n\t\t\t\t<section class=\"elementor-section elementor-top-section elementor-element elementor-element-c6f1f99 elementor-section-boxed elementor-section-height-default elementor-section-height-default\" data-id=\"c6f1f99\" data-element_type=\"section\" data-e-type=\"section\">\n\t\t\t\t\t\t<div class=\"elementor-container elementor-column-gap-default\">\n\t\t\t\t\t<div class=\"elementor-column elementor-col-100 elementor-top-column elementor-element elementor-element-76b42084\" data-id=\"76b42084\" data-element_type=\"column\" data-e-type=\"column\">\n\t\t\t<div class=\"elementor-widget-wrap elementor-element-populated\">\n\t\t\t\t\t\t<section class=\"elementor-section elementor-inner-section elementor-element elementor-element-5d0d3128 elementor-section-boxed elementor-section-height-default elementor-section-height-default\" data-id=\"5d0d3128\" data-element_type=\"section\" data-e-type=\"section\" data-no-translation=\"\">\n\t\t\t\t\t\t<div class=\"elementor-container elementor-column-gap-default\">\n\t\t\t\t\t<div class=\"elementor-column elementor-col-100 elementor-inner-column elementor-element elementor-element-33617956\" data-id=\"33617956\" data-element_type=\"column\" data-e-type=\"column\" data-settings=\"{&quot;background_background&quot;:&quot;classic&quot;}\">\n\t\t\t<div class=\"elementor-widget-wrap elementor-element-populated\">\n\t\t\t\t\t\t<div class=\"elementor-element elementor-element-4b8f8dcb elementor-widget elementor-widget-text-editor\" data-id=\"4b8f8dcb\" data-element_type=\"widget\" data-e-type=\"widget\" data-widget_type=\"text-editor.default\">\n\t\t\t\t<div class=\"elementor-widget-container\">\n\t\t\t\t\t\t\t\t\t<p><span lang=\"EN\">Toto je p\u0159eklad \u010dl\u00e1nku, kter\u00fd p\u016fvodn\u011b vy\u0161el v angli\u010dtin\u011b v <a href=\"https:\/\/www.taipeitimes.com\/News\/editorials\/archives\/2026\/08\/01\/2003861734\" target=\"_blank\" rel=\"noopener\">Taipei Times<\/a>.<\/span><\/p>\t\t\t\t\t\t\t\t<\/div>\n\t\t\t\t<\/div>\n\t\t\t\t\t<\/div>\n\t\t<\/div>\n\t\t\t\t\t<\/div>\n\t\t<\/section>\n\t\t\t\t\t<\/div>\n\t\t<\/div>\n\t\t\t\t\t<\/div>\n\t\t<\/section>\n\t\t\t\t<\/div>","protected":false},"excerpt":{"rendered":"<p>Photo: Photo by congerdesign on Pixnio Foto: congerdesign na Pixnio The cooking oil scandal is first and foremost a regulatory failure. Contaminated oil entered the food-processing system, corporate safeguards failed and authorities struggled to explain how far the problem had spread. Yet the scandal is no longer only about what entered Taiwanese kitchens. It is [&hellip;]<\/p>\n","protected":false},"author":19,"featured_media":44312,"comment_status":"closed","ping_status":"closed","sticky":false,"template":"","format":"standard","meta":{"footnotes":""},"categories":[500],"tags":[495],"class_list":["post-44301","post","type-post","status-publish","format-standard","has-post-thumbnail","hentry","category-articles","tag-marcin-jerzewski"],"yoast_head":"<!-- This site is optimized with the Yoast SEO plugin v28.3 - https:\/\/yoast.com\/product\/yoast-seo-wordpress\/ -->\n<title>Food safety or information crisis? - European Values Center for Security Policy<\/title>\n<meta name=\"robots\" content=\"index, follow, max-snippet:-1, max-image-preview:large, max-video-preview:-1\" \/>\n<link rel=\"canonical\" href=\"https:\/\/europeanvalues.cz\/cs\/food-safety-or-information-crisis\/\" \/>\n<meta property=\"og:locale\" content=\"cs_CZ\" \/>\n<meta property=\"og:type\" content=\"article\" \/>\n<meta property=\"og:title\" content=\"Food safety or information crisis? - European Values Center for Security Policy\" \/>\n<meta property=\"og:description\" content=\"Photo: Photo by congerdesign on Pixnio Foto: congerdesign na Pixnio The cooking oil scandal is first and foremost a regulatory failure. Contaminated oil entered the food-processing system, corporate safeguards failed and authorities struggled to explain how far the problem had spread. Yet the scandal is no longer only about what entered Taiwanese kitchens. It is [&hellip;]\" \/>\n<meta property=\"og:url\" content=\"https:\/\/europeanvalues.cz\/cs\/food-safety-or-information-crisis\/\" \/>\n<meta property=\"og:site_name\" content=\"European Values Center for Security Policy\" \/>\n<meta property=\"article:published_time\" content=\"2026-08-01T11:52:03+00:00\" \/>\n<meta property=\"article:modified_time\" content=\"2026-09-02T12:10:12+00:00\" \/>\n<meta property=\"og:image\" content=\"https:\/\/europeanvalues.cz\/wp-content\/uploads\/2026\/08\/oil_web.png\" \/>\n\t<meta property=\"og:image:width\" content=\"2160\" \/>\n\t<meta property=\"og:image:height\" content=\"1136\" \/>\n\t<meta property=\"og:image:type\" content=\"image\/png\" \/>\n<meta name=\"author\" content=\"K\u00e1ja Kabe\u0161ov\u00e1\" \/>\n<meta name=\"twitter:card\" content=\"summary_large_image\" \/>\n<meta name=\"twitter:label1\" content=\"Napsal(a)\" \/>\n\t<meta name=\"twitter:data1\" content=\"K\u00e1ja Kabe\u0161ov\u00e1\" \/>\n\t<meta name=\"twitter:label2\" content=\"Odhadovan\u00e1 doba \u010dten\u00ed\" \/>\n\t<meta name=\"twitter:data2\" content=\"10 minut\" \/>\n<script type=\"application\/ld+json\" class=\"yoast-schema-graph\">{\"@context\":\"https:\\\/\\\/schema.org\",\"@graph\":[{\"@type\":\"Article\",\"@id\":\"https:\\\/\\\/europeanvalues.cz\\\/food-safety-or-information-crisis\\\/#article\",\"isPartOf\":{\"@id\":\"https:\\\/\\\/europeanvalues.cz\\\/food-safety-or-information-crisis\\\/\"},\"author\":{\"name\":\"K\u00e1ja Kabe\u0161ov\u00e1\",\"@id\":\"https:\\\/\\\/europeanvalues.cz\\\/en\\\/#\\\/schema\\\/person\\\/1dad131c1c5d60a777b1a204a2c2605c\"},\"headline\":\"Food safety or information crisis?\",\"datePublished\":\"2026-08-01T11:52:03+00:00\",\"dateModified\":\"2026-09-02T12:10:12+00:00\",\"mainEntityOfPage\":{\"@id\":\"https:\\\/\\\/europeanvalues.cz\\\/food-safety-or-information-crisis\\\/\"},\"wordCount\":2644,\"publisher\":{\"@id\":\"https:\\\/\\\/europeanvalues.cz\\\/en\\\/#organization\"},\"image\":{\"@id\":\"https:\\\/\\\/europeanvalues.cz\\\/food-safety-or-information-crisis\\\/#primaryimage\"},\"thumbnailUrl\":\"https:\\\/\\\/europeanvalues.cz\\\/wp-content\\\/uploads\\\/2026\\\/08\\\/oil_web.png\",\"keywords\":[\"Marcin Jerzewski\"],\"articleSection\":[\"Articles\"],\"inLanguage\":\"cs\"},{\"@type\":\"WebPage\",\"@id\":\"https:\\\/\\\/europeanvalues.cz\\\/food-safety-or-information-crisis\\\/\",\"url\":\"https:\\\/\\\/europeanvalues.cz\\\/food-safety-or-information-crisis\\\/\",\"name\":\"Food safety or information crisis? - European Values Center for Security Policy\",\"isPartOf\":{\"@id\":\"https:\\\/\\\/europeanvalues.cz\\\/en\\\/#website\"},\"primaryImageOfPage\":{\"@id\":\"https:\\\/\\\/europeanvalues.cz\\\/food-safety-or-information-crisis\\\/#primaryimage\"},\"image\":{\"@id\":\"https:\\\/\\\/europeanvalues.cz\\\/food-safety-or-information-crisis\\\/#primaryimage\"},\"thumbnailUrl\":\"https:\\\/\\\/europeanvalues.cz\\\/wp-content\\\/uploads\\\/2026\\\/08\\\/oil_web.png\",\"datePublished\":\"2026-08-01T11:52:03+00:00\",\"dateModified\":\"2026-09-02T12:10:12+00:00\",\"breadcrumb\":{\"@id\":\"https:\\\/\\\/europeanvalues.cz\\\/food-safety-or-information-crisis\\\/#breadcrumb\"},\"inLanguage\":\"cs\",\"potentialAction\":[{\"@type\":\"ReadAction\",\"target\":[\"https:\\\/\\\/europeanvalues.cz\\\/food-safety-or-information-crisis\\\/\"]}]},{\"@type\":\"ImageObject\",\"inLanguage\":\"cs\",\"@id\":\"https:\\\/\\\/europeanvalues.cz\\\/food-safety-or-information-crisis\\\/#primaryimage\",\"url\":\"https:\\\/\\\/europeanvalues.cz\\\/wp-content\\\/uploads\\\/2026\\\/08\\\/oil_web.png\",\"contentUrl\":\"https:\\\/\\\/europeanvalues.cz\\\/wp-content\\\/uploads\\\/2026\\\/08\\\/oil_web.png\",\"width\":2160,\"height\":1136},{\"@type\":\"BreadcrumbList\",\"@id\":\"https:\\\/\\\/europeanvalues.cz\\\/food-safety-or-information-crisis\\\/#breadcrumb\",\"itemListElement\":[{\"@type\":\"ListItem\",\"position\":1,\"name\":\"Dom\u016f\",\"item\":\"https:\\\/\\\/europeanvalues.cz\\\/en\\\/\"},{\"@type\":\"ListItem\",\"position\":2,\"name\":\"Food safety or information crisis?\"}]},{\"@type\":\"WebSite\",\"@id\":\"https:\\\/\\\/europeanvalues.cz\\\/en\\\/#website\",\"url\":\"https:\\\/\\\/europeanvalues.cz\\\/en\\\/\",\"name\":\"European Values Center for Security Policy\",\"description\":\"\",\"publisher\":{\"@id\":\"https:\\\/\\\/europeanvalues.cz\\\/en\\\/#organization\"},\"potentialAction\":[{\"@type\":\"SearchAction\",\"target\":{\"@type\":\"EntryPoint\",\"urlTemplate\":\"https:\\\/\\\/europeanvalues.cz\\\/en\\\/?s={search_term_string}\"},\"query-input\":{\"@type\":\"PropertyValueSpecification\",\"valueRequired\":true,\"valueName\":\"search_term_string\"}}],\"inLanguage\":\"cs\"},{\"@type\":\"Organization\",\"@id\":\"https:\\\/\\\/europeanvalues.cz\\\/en\\\/#organization\",\"name\":\"European Values Center for Security Policy\",\"url\":\"https:\\\/\\\/europeanvalues.cz\\\/en\\\/\",\"logo\":{\"@type\":\"ImageObject\",\"inLanguage\":\"cs\",\"@id\":\"https:\\\/\\\/europeanvalues.cz\\\/en\\\/#\\\/schema\\\/logo\\\/image\\\/\",\"url\":\"https:\\\/\\\/europeanvalues.cz\\\/wp-content\\\/uploads\\\/2021\\\/04\\\/logo-horse.svg\",\"contentUrl\":\"https:\\\/\\\/europeanvalues.cz\\\/wp-content\\\/uploads\\\/2021\\\/04\\\/logo-horse.svg\",\"caption\":\"European Values Center for Security Policy\"},\"image\":{\"@id\":\"https:\\\/\\\/europeanvalues.cz\\\/en\\\/#\\\/schema\\\/logo\\\/image\\\/\"}},{\"@type\":\"Person\",\"@id\":\"https:\\\/\\\/europeanvalues.cz\\\/en\\\/#\\\/schema\\\/person\\\/1dad131c1c5d60a777b1a204a2c2605c\",\"name\":\"K\u00e1ja Kabe\u0161ov\u00e1\",\"image\":{\"@type\":\"ImageObject\",\"inLanguage\":\"cs\",\"@id\":\"https:\\\/\\\/secure.gravatar.com\\\/avatar\\\/b92b09a663176835ccb74dd6a0fc2f04fbbd23a001d87eb49227c1c4f588f4b9?s=96&r=g\",\"url\":\"https:\\\/\\\/secure.gravatar.com\\\/avatar\\\/b92b09a663176835ccb74dd6a0fc2f04fbbd23a001d87eb49227c1c4f588f4b9?s=96&r=g\",\"contentUrl\":\"https:\\\/\\\/secure.gravatar.com\\\/avatar\\\/b92b09a663176835ccb74dd6a0fc2f04fbbd23a001d87eb49227c1c4f588f4b9?s=96&r=g\",\"caption\":\"K\u00e1ja Kabe\u0161ov\u00e1\"},\"url\":\"https:\\\/\\\/europeanvalues.cz\\\/cs\\\/author\\\/karolina-k\\\/\"}]}<\/script>\n<!-- \/ Yoast SEO plugin. -->","yoast_head_json":{"title":"Food safety or information crisis? - European Values Center for Security Policy","robots":{"index":"index","follow":"follow","max-snippet":"max-snippet:-1","max-image-preview":"max-image-preview:large","max-video-preview":"max-video-preview:-1"},"canonical":"https:\/\/europeanvalues.cz\/cs\/food-safety-or-information-crisis\/","og_locale":"cs_CZ","og_type":"article","og_title":"Food safety or information crisis? - European Values Center for Security Policy","og_description":"Photo: Photo by congerdesign on Pixnio Foto: congerdesign na Pixnio The cooking oil scandal is first and foremost a regulatory failure. Contaminated oil entered the food-processing system, corporate safeguards failed and authorities struggled to explain how far the problem had spread. Yet the scandal is no longer only about what entered Taiwanese kitchens. It is [&hellip;]","og_url":"https:\/\/europeanvalues.cz\/cs\/food-safety-or-information-crisis\/","og_site_name":"European Values Center for Security Policy","article_published_time":"2026-08-01T11:52:03+00:00","article_modified_time":"2026-09-02T12:10:12+00:00","og_image":[{"url":"https:\/\/europeanvalues.cz\/wp-content\/uploads\/2026\/08\/oil_web.png","width":2160,"height":1136,"type":"image\/png"}],"author":"K\u00e1ja Kabe\u0161ov\u00e1","twitter_card":"summary_large_image","twitter_misc":{"Napsal(a)":"K\u00e1ja Kabe\u0161ov\u00e1","Odhadovan\u00e1 doba \u010dten\u00ed":"10 minut"},"schema":{"@context":"https:\/\/schema.org","@graph":[{"@type":"Article","@id":"https:\/\/europeanvalues.cz\/food-safety-or-information-crisis\/#article","isPartOf":{"@id":"https:\/\/europeanvalues.cz\/food-safety-or-information-crisis\/"},"author":{"name":"K\u00e1ja Kabe\u0161ov\u00e1","@id":"https:\/\/europeanvalues.cz\/en\/#\/schema\/person\/1dad131c1c5d60a777b1a204a2c2605c"},"headline":"Food safety or information crisis?","datePublished":"2026-08-01T11:52:03+00:00","dateModified":"2026-09-02T12:10:12+00:00","mainEntityOfPage":{"@id":"https:\/\/europeanvalues.cz\/food-safety-or-information-crisis\/"},"wordCount":2644,"publisher":{"@id":"https:\/\/europeanvalues.cz\/en\/#organization"},"image":{"@id":"https:\/\/europeanvalues.cz\/food-safety-or-information-crisis\/#primaryimage"},"thumbnailUrl":"https:\/\/europeanvalues.cz\/wp-content\/uploads\/2026\/08\/oil_web.png","keywords":["Marcin Jerzewski"],"articleSection":["Articles"],"inLanguage":"cs"},{"@type":"WebPage","@id":"https:\/\/europeanvalues.cz\/food-safety-or-information-crisis\/","url":"https:\/\/europeanvalues.cz\/food-safety-or-information-crisis\/","name":"Food safety or information crisis? - European Values Center for Security Policy","isPartOf":{"@id":"https:\/\/europeanvalues.cz\/en\/#website"},"primaryImageOfPage":{"@id":"https:\/\/europeanvalues.cz\/food-safety-or-information-crisis\/#primaryimage"},"image":{"@id":"https:\/\/europeanvalues.cz\/food-safety-or-information-crisis\/#primaryimage"},"thumbnailUrl":"https:\/\/europeanvalues.cz\/wp-content\/uploads\/2026\/08\/oil_web.png","datePublished":"2026-08-01T11:52:03+00:00","dateModified":"2026-09-02T12:10:12+00:00","breadcrumb":{"@id":"https:\/\/europeanvalues.cz\/food-safety-or-information-crisis\/#breadcrumb"},"inLanguage":"cs","potentialAction":[{"@type":"ReadAction","target":["https:\/\/europeanvalues.cz\/food-safety-or-information-crisis\/"]}]},{"@type":"ImageObject","inLanguage":"cs","@id":"https:\/\/europeanvalues.cz\/food-safety-or-information-crisis\/#primaryimage","url":"https:\/\/europeanvalues.cz\/wp-content\/uploads\/2026\/08\/oil_web.png","contentUrl":"https:\/\/europeanvalues.cz\/wp-content\/uploads\/2026\/08\/oil_web.png","width":2160,"height":1136},{"@type":"BreadcrumbList","@id":"https:\/\/europeanvalues.cz\/food-safety-or-information-crisis\/#breadcrumb","itemListElement":[{"@type":"ListItem","position":1,"name":"Dom\u016f","item":"https:\/\/europeanvalues.cz\/en\/"},{"@type":"ListItem","position":2,"name":"Food safety or information crisis?"}]},{"@type":"WebSite","@id":"https:\/\/europeanvalues.cz\/en\/#website","url":"https:\/\/europeanvalues.cz\/en\/","name":"European Values Center for Security Policy","description":"","publisher":{"@id":"https:\/\/europeanvalues.cz\/en\/#organization"},"potentialAction":[{"@type":"SearchAction","target":{"@type":"EntryPoint","urlTemplate":"https:\/\/europeanvalues.cz\/en\/?s={search_term_string}"},"query-input":{"@type":"PropertyValueSpecification","valueRequired":true,"valueName":"search_term_string"}}],"inLanguage":"cs"},{"@type":"Organization","@id":"https:\/\/europeanvalues.cz\/en\/#organization","name":"European Values Center for Security Policy","url":"https:\/\/europeanvalues.cz\/en\/","logo":{"@type":"ImageObject","inLanguage":"cs","@id":"https:\/\/europeanvalues.cz\/en\/#\/schema\/logo\/image\/","url":"https:\/\/europeanvalues.cz\/wp-content\/uploads\/2021\/04\/logo-horse.svg","contentUrl":"https:\/\/europeanvalues.cz\/wp-content\/uploads\/2021\/04\/logo-horse.svg","caption":"European Values Center for Security Policy"},"image":{"@id":"https:\/\/europeanvalues.cz\/en\/#\/schema\/logo\/image\/"}},{"@type":"Person","@id":"https:\/\/europeanvalues.cz\/en\/#\/schema\/person\/1dad131c1c5d60a777b1a204a2c2605c","name":"K\u00e1ja Kabe\u0161ov\u00e1","image":{"@type":"ImageObject","inLanguage":"cs","@id":"https:\/\/secure.gravatar.com\/avatar\/b92b09a663176835ccb74dd6a0fc2f04fbbd23a001d87eb49227c1c4f588f4b9?s=96&r=g","url":"https:\/\/secure.gravatar.com\/avatar\/b92b09a663176835ccb74dd6a0fc2f04fbbd23a001d87eb49227c1c4f588f4b9?s=96&r=g","contentUrl":"https:\/\/secure.gravatar.com\/avatar\/b92b09a663176835ccb74dd6a0fc2f04fbbd23a001d87eb49227c1c4f588f4b9?s=96&r=g","caption":"K\u00e1ja Kabe\u0161ov\u00e1"},"url":"https:\/\/europeanvalues.cz\/cs\/author\/karolina-k\/"}]}},"_links":{"self":[{"href":"https:\/\/europeanvalues.cz\/cs\/wp-json\/wp\/v2\/posts\/44301","targetHints":{"allow":["GET"]}}],"collection":[{"href":"https:\/\/europeanvalues.cz\/cs\/wp-json\/wp\/v2\/posts"}],"about":[{"href":"https:\/\/europeanvalues.cz\/cs\/wp-json\/wp\/v2\/types\/post"}],"author":[{"embeddable":true,"href":"https:\/\/europeanvalues.cz\/cs\/wp-json\/wp\/v2\/users\/19"}],"replies":[{"embeddable":true,"href":"https:\/\/europeanvalues.cz\/cs\/wp-json\/wp\/v2\/comments?post=44301"}],"version-history":[{"count":8,"href":"https:\/\/europeanvalues.cz\/cs\/wp-json\/wp\/v2\/posts\/44301\/revisions"}],"predecessor-version":[{"id":44313,"href":"https:\/\/europeanvalues.cz\/cs\/wp-json\/wp\/v2\/posts\/44301\/revisions\/44313"}],"wp:featuredmedia":[{"embeddable":true,"href":"https:\/\/europeanvalues.cz\/cs\/wp-json\/wp\/v2\/media\/44312"}],"wp:attachment":[{"href":"https:\/\/europeanvalues.cz\/cs\/wp-json\/wp\/v2\/media?parent=44301"}],"wp:term":[{"taxonomy":"category","embeddable":true,"href":"https:\/\/europeanvalues.cz\/cs\/wp-json\/wp\/v2\/categories?post=44301"},{"taxonomy":"post_tag","embeddable":true,"href":"https:\/\/europeanvalues.cz\/cs\/wp-json\/wp\/v2\/tags?post=44301"}],"curies":[{"name":"wp","href":"https:\/\/api.w.org\/{rel}","templated":true}]}}